{"id":1626,"date":"2026-04-27T19:01:56","date_gmt":"2026-04-27T18:01:56","guid":{"rendered":"https:\/\/dpsg-iller.de\/?p=1626"},"modified":"2026-04-27T19:01:58","modified_gmt":"2026-04-27T18:01:58","slug":"winterhuette-zusmarshausen","status":"publish","type":"post","link":"https:\/\/dpsg-iller.de\/?p=1626","title":{"rendered":"Winterh\u00fctte Zusmarshausen"},"content":{"rendered":"\n<p>Vom 30. Januar bis zum 1. Februar machten wir uns als auf den Weg zu unserer diesj\u00e4hrigen Winterh\u00fctte. Am Freitagnachmittag trafen wir uns am Napoleonsparkplatz und starteten gemeinsam in Richtung Zusmarshausen. Ziel war die R\u00fccklenm\u00fchle, die f\u00fcr dieses Wochenende unser Zuhause sein sollte.<\/p>\n\n\n\n<figure class=\"wp-block-gallery has-nested-images columns-default is-cropped wp-block-gallery-1 is-layout-flex wp-block-gallery-is-layout-flex\">\n<figure class=\"wp-block-image size-large\"><img decoding=\"async\" width=\"899\" height=\"1008\" data-id=\"1628\" src=\"https:\/\/dpsg-iller.de\/wp-content\/uploads\/2026\/04\/26-01-30_Winterhuette_Ausgabe.jpeg\" alt=\"\" class=\"wp-image-1628\" srcset=\"https:\/\/dpsg-iller.de\/wp-content\/uploads\/2026\/04\/26-01-30_Winterhuette_Ausgabe.jpeg 899w, https:\/\/dpsg-iller.de\/wp-content\/uploads\/2026\/04\/26-01-30_Winterhuette_Ausgabe-268x300.jpeg 268w, https:\/\/dpsg-iller.de\/wp-content\/uploads\/2026\/04\/26-01-30_Winterhuette_Ausgabe-768x861.jpeg 768w, https:\/\/dpsg-iller.de\/wp-content\/uploads\/2026\/04\/26-01-30_Winterhuette_Ausgabe-750x841.jpeg 750w\" sizes=\"(max-width: 899px) 100vw, 899px\" \/><\/figure>\n\n\n\n<figure class=\"wp-block-image size-large\"><img decoding=\"async\" width=\"1024\" height=\"967\" data-id=\"1630\" src=\"https:\/\/dpsg-iller.de\/wp-content\/uploads\/2026\/04\/26-01-30_Winterhuette_Bobfahren-1024x967.jpeg\" alt=\"\" class=\"wp-image-1630\" srcset=\"https:\/\/dpsg-iller.de\/wp-content\/uploads\/2026\/04\/26-01-30_Winterhuette_Bobfahren-1024x967.jpeg 1024w, https:\/\/dpsg-iller.de\/wp-content\/uploads\/2026\/04\/26-01-30_Winterhuette_Bobfahren-300x283.jpeg 300w, https:\/\/dpsg-iller.de\/wp-content\/uploads\/2026\/04\/26-01-30_Winterhuette_Bobfahren-768x725.jpeg 768w, https:\/\/dpsg-iller.de\/wp-content\/uploads\/2026\/04\/26-01-30_Winterhuette_Bobfahren-750x708.jpeg 750w, https:\/\/dpsg-iller.de\/wp-content\/uploads\/2026\/04\/26-01-30_Winterhuette_Bobfahren.jpeg 1200w\" sizes=\"(max-width: 1024px) 100vw, 1024px\" \/><\/figure>\n\n\n\n<figure class=\"wp-block-image size-large\"><img decoding=\"async\" width=\"768\" height=\"1024\" data-id=\"1629\" src=\"https:\/\/dpsg-iller.de\/wp-content\/uploads\/2026\/04\/26-01-30_Winterhuette_Chillen-768x1024.jpeg\" alt=\"\" class=\"wp-image-1629\" srcset=\"https:\/\/dpsg-iller.de\/wp-content\/uploads\/2026\/04\/26-01-30_Winterhuette_Chillen-768x1024.jpeg 768w, https:\/\/dpsg-iller.de\/wp-content\/uploads\/2026\/04\/26-01-30_Winterhuette_Chillen-225x300.jpeg 225w, https:\/\/dpsg-iller.de\/wp-content\/uploads\/2026\/04\/26-01-30_Winterhuette_Chillen-750x1000.jpeg 750w, https:\/\/dpsg-iller.de\/wp-content\/uploads\/2026\/04\/26-01-30_Winterhuette_Chillen.jpeg 1071w\" sizes=\"(max-width: 768px) 100vw, 768px\" \/><\/figure>\n<\/figure>\n\n\n\n<p>Nach der Ankunft wurden zun\u00e4chst die Zimmer bezogen, Gep\u00e4ck ausgeladen und die H\u00fctte eingerichtet. Schon bald erf\u00fcllte reges Treiben das Haus, bevor wir uns am Abend zu einem gemeinsamen Essen versammelten. In gem\u00fctlicher Runde lie\u00dfen wir den ersten Tag ausklingen und stimmten uns auf das bevorstehende Wochenende ein.<\/p>\n\n\n\n<figure class=\"wp-block-gallery has-nested-images columns-default is-cropped wp-block-gallery-2 is-layout-flex wp-block-gallery-is-layout-flex\">\n<figure class=\"wp-block-image size-large\"><img decoding=\"async\" width=\"1024\" height=\"937\" data-id=\"1637\" src=\"https:\/\/dpsg-iller.de\/wp-content\/uploads\/2026\/04\/26-01-30_Winterhuette_Gelaendespiel-1024x937.jpeg\" alt=\"\" class=\"wp-image-1637\" srcset=\"https:\/\/dpsg-iller.de\/wp-content\/uploads\/2026\/04\/26-01-30_Winterhuette_Gelaendespiel-1024x937.jpeg 1024w, https:\/\/dpsg-iller.de\/wp-content\/uploads\/2026\/04\/26-01-30_Winterhuette_Gelaendespiel-300x275.jpeg 300w, https:\/\/dpsg-iller.de\/wp-content\/uploads\/2026\/04\/26-01-30_Winterhuette_Gelaendespiel-768x703.jpeg 768w, https:\/\/dpsg-iller.de\/wp-content\/uploads\/2026\/04\/26-01-30_Winterhuette_Gelaendespiel-750x686.jpeg 750w, https:\/\/dpsg-iller.de\/wp-content\/uploads\/2026\/04\/26-01-30_Winterhuette_Gelaendespiel.jpeg 1200w\" sizes=\"(max-width: 1024px) 100vw, 1024px\" \/><\/figure>\n\n\n\n<figure class=\"wp-block-image size-large\"><img decoding=\"async\" width=\"1024\" height=\"812\" data-id=\"1638\" src=\"https:\/\/dpsg-iller.de\/wp-content\/uploads\/2026\/04\/26-01-30_Winterhuette_Gruppe_Schneemann-2-1024x812.jpeg\" alt=\"\" class=\"wp-image-1638\" srcset=\"https:\/\/dpsg-iller.de\/wp-content\/uploads\/2026\/04\/26-01-30_Winterhuette_Gruppe_Schneemann-2-1024x812.jpeg 1024w, https:\/\/dpsg-iller.de\/wp-content\/uploads\/2026\/04\/26-01-30_Winterhuette_Gruppe_Schneemann-2-300x238.jpeg 300w, https:\/\/dpsg-iller.de\/wp-content\/uploads\/2026\/04\/26-01-30_Winterhuette_Gruppe_Schneemann-2-768x609.jpeg 768w, https:\/\/dpsg-iller.de\/wp-content\/uploads\/2026\/04\/26-01-30_Winterhuette_Gruppe_Schneemann-2-750x594.jpeg 750w, https:\/\/dpsg-iller.de\/wp-content\/uploads\/2026\/04\/26-01-30_Winterhuette_Gruppe_Schneemann-2.jpeg 1200w\" sizes=\"(max-width: 1024px) 100vw, 1024px\" \/><\/figure>\n\n\n\n<figure class=\"wp-block-image size-large\"><img decoding=\"async\" width=\"1024\" height=\"623\" data-id=\"1632\" src=\"https:\/\/dpsg-iller.de\/wp-content\/uploads\/2026\/04\/26-01-30_Winterhuette_Gruppe_Schneemann-1024x623.jpeg\" alt=\"\" class=\"wp-image-1632\" srcset=\"https:\/\/dpsg-iller.de\/wp-content\/uploads\/2026\/04\/26-01-30_Winterhuette_Gruppe_Schneemann-1024x623.jpeg 1024w, https:\/\/dpsg-iller.de\/wp-content\/uploads\/2026\/04\/26-01-30_Winterhuette_Gruppe_Schneemann-300x183.jpeg 300w, https:\/\/dpsg-iller.de\/wp-content\/uploads\/2026\/04\/26-01-30_Winterhuette_Gruppe_Schneemann-768x467.jpeg 768w, https:\/\/dpsg-iller.de\/wp-content\/uploads\/2026\/04\/26-01-30_Winterhuette_Gruppe_Schneemann-750x456.jpeg 750w, https:\/\/dpsg-iller.de\/wp-content\/uploads\/2026\/04\/26-01-30_Winterhuette_Gruppe_Schneemann.jpeg 1200w\" sizes=\"(max-width: 1024px) 100vw, 1024px\" \/><\/figure>\n\n\n\n<figure class=\"wp-block-image size-large\"><img decoding=\"async\" width=\"1024\" height=\"806\" data-id=\"1634\" src=\"https:\/\/dpsg-iller.de\/wp-content\/uploads\/2026\/04\/26-01-30_Winterhuette_Iglu-1024x806.jpeg\" alt=\"\" class=\"wp-image-1634\" srcset=\"https:\/\/dpsg-iller.de\/wp-content\/uploads\/2026\/04\/26-01-30_Winterhuette_Iglu-1024x806.jpeg 1024w, https:\/\/dpsg-iller.de\/wp-content\/uploads\/2026\/04\/26-01-30_Winterhuette_Iglu-300x236.jpeg 300w, https:\/\/dpsg-iller.de\/wp-content\/uploads\/2026\/04\/26-01-30_Winterhuette_Iglu-768x604.jpeg 768w, https:\/\/dpsg-iller.de\/wp-content\/uploads\/2026\/04\/26-01-30_Winterhuette_Iglu-750x590.jpeg 750w, https:\/\/dpsg-iller.de\/wp-content\/uploads\/2026\/04\/26-01-30_Winterhuette_Iglu.jpeg 1200w\" sizes=\"(max-width: 1024px) 100vw, 1024px\" \/><\/figure>\n\n\n\n<figure class=\"wp-block-image size-large\"><img decoding=\"async\" width=\"1024\" height=\"872\" data-id=\"1633\" src=\"https:\/\/dpsg-iller.de\/wp-content\/uploads\/2026\/04\/26-01-30_Winterhuette_iglu2-1024x872.jpeg\" alt=\"\" class=\"wp-image-1633\" srcset=\"https:\/\/dpsg-iller.de\/wp-content\/uploads\/2026\/04\/26-01-30_Winterhuette_iglu2-1024x872.jpeg 1024w, https:\/\/dpsg-iller.de\/wp-content\/uploads\/2026\/04\/26-01-30_Winterhuette_iglu2-300x256.jpeg 300w, https:\/\/dpsg-iller.de\/wp-content\/uploads\/2026\/04\/26-01-30_Winterhuette_iglu2-768x654.jpeg 768w, https:\/\/dpsg-iller.de\/wp-content\/uploads\/2026\/04\/26-01-30_Winterhuette_iglu2-750x639.jpeg 750w, https:\/\/dpsg-iller.de\/wp-content\/uploads\/2026\/04\/26-01-30_Winterhuette_iglu2.jpeg 1200w\" sizes=\"(max-width: 1024px) 100vw, 1024px\" \/><\/figure>\n\n\n\n<figure class=\"wp-block-image size-large\"><img decoding=\"async\" width=\"900\" height=\"688\" data-id=\"1635\" src=\"https:\/\/dpsg-iller.de\/wp-content\/uploads\/2026\/04\/26-01-30_Winterhuette_Schnee.jpeg\" alt=\"\" class=\"wp-image-1635\" srcset=\"https:\/\/dpsg-iller.de\/wp-content\/uploads\/2026\/04\/26-01-30_Winterhuette_Schnee.jpeg 900w, https:\/\/dpsg-iller.de\/wp-content\/uploads\/2026\/04\/26-01-30_Winterhuette_Schnee-300x229.jpeg 300w, https:\/\/dpsg-iller.de\/wp-content\/uploads\/2026\/04\/26-01-30_Winterhuette_Schnee-768x587.jpeg 768w, https:\/\/dpsg-iller.de\/wp-content\/uploads\/2026\/04\/26-01-30_Winterhuette_Schnee-750x573.jpeg 750w\" sizes=\"(max-width: 900px) 100vw, 900px\" \/><\/figure>\n\n\n\n<figure class=\"wp-block-image size-large\"><img decoding=\"async\" width=\"805\" height=\"1024\" data-id=\"1631\" src=\"https:\/\/dpsg-iller.de\/wp-content\/uploads\/2026\/04\/26-01-30_Winterhuette_Schneemann_Bau-805x1024.jpeg\" alt=\"\" class=\"wp-image-1631\" srcset=\"https:\/\/dpsg-iller.de\/wp-content\/uploads\/2026\/04\/26-01-30_Winterhuette_Schneemann_Bau-805x1024.jpeg 805w, https:\/\/dpsg-iller.de\/wp-content\/uploads\/2026\/04\/26-01-30_Winterhuette_Schneemann_Bau-236x300.jpeg 236w, https:\/\/dpsg-iller.de\/wp-content\/uploads\/2026\/04\/26-01-30_Winterhuette_Schneemann_Bau-768x977.jpeg 768w, https:\/\/dpsg-iller.de\/wp-content\/uploads\/2026\/04\/26-01-30_Winterhuette_Schneemann_Bau-750x954.jpeg 750w, https:\/\/dpsg-iller.de\/wp-content\/uploads\/2026\/04\/26-01-30_Winterhuette_Schneemann_Bau.jpeg 1200w\" sizes=\"(max-width: 805px) 100vw, 805px\" \/><\/figure>\n\n\n\n<figure class=\"wp-block-image size-large\"><img decoding=\"async\" width=\"768\" height=\"1024\" data-id=\"1636\" src=\"https:\/\/dpsg-iller.de\/wp-content\/uploads\/2026\/04\/26-01-30_Winterhuette_Schneeturm-768x1024.jpeg\" alt=\"\" class=\"wp-image-1636\" srcset=\"https:\/\/dpsg-iller.de\/wp-content\/uploads\/2026\/04\/26-01-30_Winterhuette_Schneeturm-768x1024.jpeg 768w, https:\/\/dpsg-iller.de\/wp-content\/uploads\/2026\/04\/26-01-30_Winterhuette_Schneeturm-225x300.jpeg 225w, https:\/\/dpsg-iller.de\/wp-content\/uploads\/2026\/04\/26-01-30_Winterhuette_Schneeturm-1152x1536.jpeg 1152w, https:\/\/dpsg-iller.de\/wp-content\/uploads\/2026\/04\/26-01-30_Winterhuette_Schneeturm-750x1000.jpeg 750w, https:\/\/dpsg-iller.de\/wp-content\/uploads\/2026\/04\/26-01-30_Winterhuette_Schneeturm.jpeg 1200w\" sizes=\"(max-width: 768px) 100vw, 768px\" \/><\/figure>\n\n\n\n<figure class=\"wp-block-image size-large\"><img decoding=\"async\" width=\"768\" height=\"1024\" data-id=\"1639\" src=\"https:\/\/dpsg-iller.de\/wp-content\/uploads\/2026\/04\/26-01-30_Winterhuette_Schubkarre-768x1024.jpeg\" alt=\"\" class=\"wp-image-1639\" srcset=\"https:\/\/dpsg-iller.de\/wp-content\/uploads\/2026\/04\/26-01-30_Winterhuette_Schubkarre-768x1024.jpeg 768w, https:\/\/dpsg-iller.de\/wp-content\/uploads\/2026\/04\/26-01-30_Winterhuette_Schubkarre-225x300.jpeg 225w, https:\/\/dpsg-iller.de\/wp-content\/uploads\/2026\/04\/26-01-30_Winterhuette_Schubkarre-750x1000.jpeg 750w, https:\/\/dpsg-iller.de\/wp-content\/uploads\/2026\/04\/26-01-30_Winterhuette_Schubkarre.jpeg 1071w\" sizes=\"(max-width: 768px) 100vw, 768px\" \/><\/figure>\n<\/figure>\n\n\n\n<p>Der Samstag begann mit einem ausgiebigen Fr\u00fchst\u00fcck, das uns f\u00fcr den Tag st\u00e4rkte. Den Vormittag verbrachten wir drau\u00dfen an der frischen Winterluft. Der Schnee bot die perfekte Gelegenheit, sich richtig auszutoben: Es wurden Schneeballschlachten veranstaltet, kleine Festungen gebaut und das Gel\u00e4nde rund um die H\u00fctte erkundet. Die Bewegung im Schnee sorgte nicht nur f\u00fcr rote Wangen, sondern auch f\u00fcr jede Menge Spa\u00df und Zusammenhalt.<\/p>\n\n\n\n<figure class=\"wp-block-gallery has-nested-images columns-default is-cropped wp-block-gallery-3 is-layout-flex wp-block-gallery-is-layout-flex\">\n<figure class=\"wp-block-image size-large\"><img decoding=\"async\" width=\"1024\" height=\"768\" data-id=\"1640\" src=\"https:\/\/dpsg-iller.de\/wp-content\/uploads\/2026\/04\/26-01-30_Winterhuette_Spiele-1024x768.jpeg\" alt=\"\" class=\"wp-image-1640\" srcset=\"https:\/\/dpsg-iller.de\/wp-content\/uploads\/2026\/04\/26-01-30_Winterhuette_Spiele-1024x768.jpeg 1024w, https:\/\/dpsg-iller.de\/wp-content\/uploads\/2026\/04\/26-01-30_Winterhuette_Spiele-300x225.jpeg 300w, https:\/\/dpsg-iller.de\/wp-content\/uploads\/2026\/04\/26-01-30_Winterhuette_Spiele-768x576.jpeg 768w, https:\/\/dpsg-iller.de\/wp-content\/uploads\/2026\/04\/26-01-30_Winterhuette_Spiele-1536x1152.jpeg 1536w, https:\/\/dpsg-iller.de\/wp-content\/uploads\/2026\/04\/26-01-30_Winterhuette_Spiele-750x563.jpeg 750w, https:\/\/dpsg-iller.de\/wp-content\/uploads\/2026\/04\/26-01-30_Winterhuette_Spiele.jpeg 1600w\" sizes=\"(max-width: 1024px) 100vw, 1024px\" \/><\/figure>\n\n\n\n<figure class=\"wp-block-image size-large\"><img decoding=\"async\" width=\"1024\" height=\"899\" data-id=\"1641\" src=\"https:\/\/dpsg-iller.de\/wp-content\/uploads\/2026\/04\/26-01-30_Winterhuette_Schneemann-1024x899.jpeg\" alt=\"\" class=\"wp-image-1641\" srcset=\"https:\/\/dpsg-iller.de\/wp-content\/uploads\/2026\/04\/26-01-30_Winterhuette_Schneemann-1024x899.jpeg 1024w, https:\/\/dpsg-iller.de\/wp-content\/uploads\/2026\/04\/26-01-30_Winterhuette_Schneemann-300x263.jpeg 300w, https:\/\/dpsg-iller.de\/wp-content\/uploads\/2026\/04\/26-01-30_Winterhuette_Schneemann-768x674.jpeg 768w, https:\/\/dpsg-iller.de\/wp-content\/uploads\/2026\/04\/26-01-30_Winterhuette_Schneemann-750x658.jpeg 750w, https:\/\/dpsg-iller.de\/wp-content\/uploads\/2026\/04\/26-01-30_Winterhuette_Schneemann.jpeg 1251w\" sizes=\"(max-width: 1024px) 100vw, 1024px\" \/><\/figure>\n<\/figure>\n\n\n\n<p>Nach dem Mittagessen hatten die einzelnen Gruppen Zeit f\u00fcr eigene Programmpunkte und freie Spielaktionen. Ob weitere Spiele im Freien oder gemeinsame Aktivit\u00e4ten im Haus \u2013 \u00fcberall war sp\u00fcrbar, wie gut die Gemeinschaft funktionierte. Ein besonderer Moment des Tages war das Abendessen: Gemeinsam nahmen wir eine Videobotschaft f\u00fcr unsere Leiterin Tina auf, die an diesem Wochenende Geburtstag hatte und leider nicht dabei sein konnte. So konnten wir ihr auf diesem Weg zeigen, dass sie trotz ihrer Abwesenheit immer bei uns ist. Sie ist vor nunmehr einem Jahr aus dem aktiven &#8222;Dienst&#8220; als Leiterin unserer W\u00f6lflingsstufe nach unfassbaren 22 Jahren ausgestiegen.&nbsp;<\/p>\n\n\n\n<figure class=\"wp-block-image size-large\"><img decoding=\"async\" width=\"1024\" height=\"484\" src=\"https:\/\/dpsg-iller.de\/wp-content\/uploads\/2026\/04\/26-01-30_Winterhuette_Gruppe-1024x484.jpeg\" alt=\"\" class=\"wp-image-1642\" srcset=\"https:\/\/dpsg-iller.de\/wp-content\/uploads\/2026\/04\/26-01-30_Winterhuette_Gruppe-1024x484.jpeg 1024w, https:\/\/dpsg-iller.de\/wp-content\/uploads\/2026\/04\/26-01-30_Winterhuette_Gruppe-300x142.jpeg 300w, https:\/\/dpsg-iller.de\/wp-content\/uploads\/2026\/04\/26-01-30_Winterhuette_Gruppe-768x363.jpeg 768w, https:\/\/dpsg-iller.de\/wp-content\/uploads\/2026\/04\/26-01-30_Winterhuette_Gruppe-750x354.jpeg 750w, https:\/\/dpsg-iller.de\/wp-content\/uploads\/2026\/04\/26-01-30_Winterhuette_Gruppe.jpeg 1200w\" sizes=\"(max-width: 1024px) 100vw, 1024px\" \/><\/figure>\n\n\n\n<p>Ein fester Bestandteil unserer Winterh\u00fctte durfte nat\u00fcrlich auch in diesem Jahr nicht fehlen: die traditionelle Nachtwanderung. Nach Einbruch der Dunkelheit machten wir uns auf den Weg in den umliegenden Wald. Ausger\u00fcstet mit Taschenlampen und begleitet von knirschendem Schnee unter den Schuhen erlebten wir die besondere Stimmung eines Winterabends in der Natur. Sp\u00e4ter w\u00e4rmten wir uns wieder in der H\u00fctte auf und lie\u00dfen den Tag gemeinsam ausklingen.<\/p>\n\n\n\n<figure class=\"wp-block-gallery has-nested-images columns-default is-cropped wp-block-gallery-4 is-layout-flex wp-block-gallery-is-layout-flex\">\n<figure class=\"wp-block-image size-large\"><img decoding=\"async\" width=\"1024\" height=\"939\" data-id=\"1644\" src=\"https:\/\/dpsg-iller.de\/wp-content\/uploads\/2026\/04\/26-01-30_Winterhuette_Grillen-1024x939.jpeg\" alt=\"\" class=\"wp-image-1644\" srcset=\"https:\/\/dpsg-iller.de\/wp-content\/uploads\/2026\/04\/26-01-30_Winterhuette_Grillen-1024x939.jpeg 1024w, https:\/\/dpsg-iller.de\/wp-content\/uploads\/2026\/04\/26-01-30_Winterhuette_Grillen-300x275.jpeg 300w, https:\/\/dpsg-iller.de\/wp-content\/uploads\/2026\/04\/26-01-30_Winterhuette_Grillen-768x704.jpeg 768w, https:\/\/dpsg-iller.de\/wp-content\/uploads\/2026\/04\/26-01-30_Winterhuette_Grillen-750x688.jpeg 750w, https:\/\/dpsg-iller.de\/wp-content\/uploads\/2026\/04\/26-01-30_Winterhuette_Grillen.jpeg 1200w\" sizes=\"(max-width: 1024px) 100vw, 1024px\" \/><\/figure>\n\n\n\n<figure class=\"wp-block-image size-large\"><img decoding=\"async\" width=\"1024\" height=\"654\" data-id=\"1643\" src=\"https:\/\/dpsg-iller.de\/wp-content\/uploads\/2026\/04\/26-01-30_Winterhuette_draussen-1024x654.jpeg\" alt=\"\" class=\"wp-image-1643\" srcset=\"https:\/\/dpsg-iller.de\/wp-content\/uploads\/2026\/04\/26-01-30_Winterhuette_draussen-1024x654.jpeg 1024w, https:\/\/dpsg-iller.de\/wp-content\/uploads\/2026\/04\/26-01-30_Winterhuette_draussen-300x192.jpeg 300w, https:\/\/dpsg-iller.de\/wp-content\/uploads\/2026\/04\/26-01-30_Winterhuette_draussen-768x491.jpeg 768w, https:\/\/dpsg-iller.de\/wp-content\/uploads\/2026\/04\/26-01-30_Winterhuette_draussen-750x479.jpeg 750w, https:\/\/dpsg-iller.de\/wp-content\/uploads\/2026\/04\/26-01-30_Winterhuette_draussen.jpeg 1478w\" sizes=\"(max-width: 1024px) 100vw, 1024px\" \/><\/figure>\n\n\n\n<figure class=\"wp-block-image size-large\"><img decoding=\"async\" width=\"768\" height=\"1024\" data-id=\"1645\" src=\"https:\/\/dpsg-iller.de\/wp-content\/uploads\/2026\/04\/26-01-30_Winterhuette_dunkel_draussen-768x1024.jpeg\" alt=\"\" class=\"wp-image-1645\" srcset=\"https:\/\/dpsg-iller.de\/wp-content\/uploads\/2026\/04\/26-01-30_Winterhuette_dunkel_draussen-768x1024.jpeg 768w, https:\/\/dpsg-iller.de\/wp-content\/uploads\/2026\/04\/26-01-30_Winterhuette_dunkel_draussen-225x300.jpeg 225w, https:\/\/dpsg-iller.de\/wp-content\/uploads\/2026\/04\/26-01-30_Winterhuette_dunkel_draussen-1152x1536.jpeg 1152w, https:\/\/dpsg-iller.de\/wp-content\/uploads\/2026\/04\/26-01-30_Winterhuette_dunkel_draussen-750x1000.jpeg 750w, https:\/\/dpsg-iller.de\/wp-content\/uploads\/2026\/04\/26-01-30_Winterhuette_dunkel_draussen.jpeg 1200w\" sizes=\"(max-width: 768px) 100vw, 768px\" \/><\/figure>\n<\/figure>\n\n\n\n<p>Am Sonntag hie\u00df es nach dem letzten Fr\u00fchst\u00fcck leider schon wieder Abschied nehmen. Gemeinsam packten wir an, reinigten die H\u00fctte gr\u00fcndlich und verluden das Gep\u00e4ck, bevor wir die Heimreise antraten.<\/p>\n\n\n\n<figure class=\"wp-block-gallery has-nested-images columns-default is-cropped wp-block-gallery-5 is-layout-flex wp-block-gallery-is-layout-flex\">\n<figure class=\"wp-block-image size-large\"><img decoding=\"async\" width=\"768\" height=\"1024\" data-id=\"1647\" src=\"https:\/\/dpsg-iller.de\/wp-content\/uploads\/2026\/04\/26-01-30_Winterhuette_Wischen-768x1024.jpeg\" alt=\"\" class=\"wp-image-1647\" srcset=\"https:\/\/dpsg-iller.de\/wp-content\/uploads\/2026\/04\/26-01-30_Winterhuette_Wischen-768x1024.jpeg 768w, https:\/\/dpsg-iller.de\/wp-content\/uploads\/2026\/04\/26-01-30_Winterhuette_Wischen-225x300.jpeg 225w, https:\/\/dpsg-iller.de\/wp-content\/uploads\/2026\/04\/26-01-30_Winterhuette_Wischen-750x1000.jpeg 750w, https:\/\/dpsg-iller.de\/wp-content\/uploads\/2026\/04\/26-01-30_Winterhuette_Wischen.jpeg 1071w\" sizes=\"(max-width: 768px) 100vw, 768px\" \/><\/figure>\n\n\n\n<figure class=\"wp-block-image size-large\"><img decoding=\"async\" width=\"899\" height=\"1008\" data-id=\"1648\" src=\"https:\/\/dpsg-iller.de\/wp-content\/uploads\/2026\/04\/26-01-30_Winterhuette_Ausgabe-1.jpeg\" alt=\"\" class=\"wp-image-1648\" srcset=\"https:\/\/dpsg-iller.de\/wp-content\/uploads\/2026\/04\/26-01-30_Winterhuette_Ausgabe-1.jpeg 899w, https:\/\/dpsg-iller.de\/wp-content\/uploads\/2026\/04\/26-01-30_Winterhuette_Ausgabe-1-268x300.jpeg 268w, https:\/\/dpsg-iller.de\/wp-content\/uploads\/2026\/04\/26-01-30_Winterhuette_Ausgabe-1-768x861.jpeg 768w, https:\/\/dpsg-iller.de\/wp-content\/uploads\/2026\/04\/26-01-30_Winterhuette_Ausgabe-1-750x841.jpeg 750w\" sizes=\"(max-width: 899px) 100vw, 899px\" \/><\/figure>\n\n\n\n<figure class=\"wp-block-image size-large\"><img decoding=\"async\" width=\"1024\" height=\"559\" data-id=\"1646\" src=\"https:\/\/dpsg-iller.de\/wp-content\/uploads\/2026\/04\/26-01-30_Winterhuette_Kueche-1024x559.jpeg\" alt=\"\" class=\"wp-image-1646\" srcset=\"https:\/\/dpsg-iller.de\/wp-content\/uploads\/2026\/04\/26-01-30_Winterhuette_Kueche-1024x559.jpeg 1024w, https:\/\/dpsg-iller.de\/wp-content\/uploads\/2026\/04\/26-01-30_Winterhuette_Kueche-300x164.jpeg 300w, https:\/\/dpsg-iller.de\/wp-content\/uploads\/2026\/04\/26-01-30_Winterhuette_Kueche-768x419.jpeg 768w, https:\/\/dpsg-iller.de\/wp-content\/uploads\/2026\/04\/26-01-30_Winterhuette_Kueche-750x409.jpeg 750w, https:\/\/dpsg-iller.de\/wp-content\/uploads\/2026\/04\/26-01-30_Winterhuette_Kueche.jpeg 1356w\" sizes=\"(max-width: 1024px) 100vw, 1024px\" \/><\/figure>\n\n\n\n<figure class=\"wp-block-image size-large\"><img decoding=\"async\" width=\"751\" height=\"1024\" data-id=\"1649\" src=\"https:\/\/dpsg-iller.de\/wp-content\/uploads\/2026\/04\/26-01-30_Winterhuette_Kuscheln-751x1024.jpeg\" alt=\"\" class=\"wp-image-1649\" srcset=\"https:\/\/dpsg-iller.de\/wp-content\/uploads\/2026\/04\/26-01-30_Winterhuette_Kuscheln-751x1024.jpeg 751w, https:\/\/dpsg-iller.de\/wp-content\/uploads\/2026\/04\/26-01-30_Winterhuette_Kuscheln-220x300.jpeg 220w, https:\/\/dpsg-iller.de\/wp-content\/uploads\/2026\/04\/26-01-30_Winterhuette_Kuscheln-768x1047.jpeg 768w, https:\/\/dpsg-iller.de\/wp-content\/uploads\/2026\/04\/26-01-30_Winterhuette_Kuscheln-750x1023.jpeg 750w, https:\/\/dpsg-iller.de\/wp-content\/uploads\/2026\/04\/26-01-30_Winterhuette_Kuscheln.jpeg 899w\" sizes=\"(max-width: 751px) 100vw, 751px\" \/><\/figure>\n<\/figure>\n\n\n\n<p>Ein gro\u00dfes Dankesch\u00f6n gilt allen Leiterinnen und Leitern f\u00fcr die Organisation und die Begleitung des Wochenendes sowie f\u00fcr die tatkr\u00e4ftige Unterst\u00fctzung beim Ein- und Ausladen. Ebenso danken wir unserem K\u00fcchenteam f\u00fcr die hervorragende Verpflegung, die wesentlich dazu beigetragen hat, dass wir dieses Wochenende rundum genie\u00dfen konnten.<br>Die Winterh\u00fctte war auch in diesem Jahr wieder ein gelungenes Erlebnis voller Gemeinschaft, Bewegung im Schnee und vieler sch\u00f6ner gemeinsamer Erinnerungen.<\/p>\n","protected":false},"excerpt":{"rendered":"<p>H\u00fcttenwochenende auf der R\u00fccklenm\u00fchle<\/p>\n","protected":false},"author":19,"featured_media":1627,"comment_status":"closed","ping_status":"open","sticky":false,"template":"","format":"standard","meta":{"footnotes":""},"categories":[4,22],"tags":[56,113,17,54,55,145,125],"class_list":["post-1626","post","type-post","status-publish","format-standard","has-post-thumbnail","hentry","category-chronik","category-stamm-oel","tag-jupfis","tag-nachtwanderung","tag-oberelchingen","tag-pfadis","tag-rover","tag-schneemann","tag-winterhuette"],"_links":{"self":[{"href":"https:\/\/dpsg-iller.de\/index.php?rest_route=\/wp\/v2\/posts\/1626","targetHints":{"allow":["GET"]}}],"collection":[{"href":"https:\/\/dpsg-iller.de\/index.php?rest_route=\/wp\/v2\/posts"}],"about":[{"href":"https:\/\/dpsg-iller.de\/index.php?rest_route=\/wp\/v2\/types\/post"}],"author":[{"embeddable":true,"href":"https:\/\/dpsg-iller.de\/index.php?rest_route=\/wp\/v2\/users\/19"}],"replies":[{"embeddable":true,"href":"https:\/\/dpsg-iller.de\/index.php?rest_route=%2Fwp%2Fv2%2Fcomments&post=1626"}],"version-history":[{"count":1,"href":"https:\/\/dpsg-iller.de\/index.php?rest_route=\/wp\/v2\/posts\/1626\/revisions"}],"predecessor-version":[{"id":1650,"href":"https:\/\/dpsg-iller.de\/index.php?rest_route=\/wp\/v2\/posts\/1626\/revisions\/1650"}],"wp:featuredmedia":[{"embeddable":true,"href":"https:\/\/dpsg-iller.de\/index.php?rest_route=\/wp\/v2\/media\/1627"}],"wp:attachment":[{"href":"https:\/\/dpsg-iller.de\/index.php?rest_route=%2Fwp%2Fv2%2Fmedia&parent=1626"}],"wp:term":[{"taxonomy":"category","embeddable":true,"href":"https:\/\/dpsg-iller.de\/index.php?rest_route=%2Fwp%2Fv2%2Fcategories&post=1626"},{"taxonomy":"post_tag","embeddable":true,"href":"https:\/\/dpsg-iller.de\/index.php?rest_route=%2Fwp%2Fv2%2Ftags&post=1626"}],"curies":[{"name":"wp","href":"https:\/\/api.w.org\/{rel}","templated":true}]}}